{"id":902,"date":"2026-02-15T10:04:10","date_gmt":"2026-02-15T09:04:10","guid":{"rendered":"https:\/\/escrime-rioz.fr\/?p=902"},"modified":"2026-02-17T10:07:45","modified_gmt":"2026-02-17T09:07:45","slug":"competition-nationale-de-cannes","status":"publish","type":"post","link":"https:\/\/escrime-rioz.fr\/?p=902","title":{"rendered":"Comp\u00e9tition Nationale de Cannes"},"content":{"rendered":"\n<p>Sol a \u00e9t\u00e9 qualifi\u00e9 pour participer \u00e0 la comp\u00e9tition nationale de Sabre Laser de Cannes, pour y retrouver la fine fleur de la discipline, mais aussi un groupe soud\u00e9 des comp\u00e9titeurs sabre laser de Bourgogne &#8211; Franche-Comt\u00e9.<\/p>\n\n\n\n<p>Notre champion n&rsquo;a pas d\u00e9m\u00e9rit\u00e9 puisqu&rsquo;il se classe dans les cinquante premiers fran\u00e7ais soit \u00e0 la 49\u00e8me place.Bravo aussi \u00e0 nos supporters qui avaient fait le d\u00e9placement pour voir la comp\u00e9tition.<\/p>\n\n\n\n<div class=\"wp-block-columns is-layout-flex wp-container-core-columns-is-layout-9d6595d7 wp-block-columns-is-layout-flex\">\n<div class=\"wp-block-column is-layout-flow wp-block-column-is-layout-flow\">\n<figure class=\"wp-block-image size-large\"><img loading=\"lazy\" decoding=\"async\" width=\"1024\" height=\"768\" src=\"https:\/\/escrime-rioz.fr\/wp-content\/uploads\/2026\/02\/IMG-20260215-WA0003-1024x768.jpg\" alt=\"\" class=\"wp-image-903\" srcset=\"https:\/\/escrime-rioz.fr\/wp-content\/uploads\/2026\/02\/IMG-20260215-WA0003-1024x768.jpg 1024w, https:\/\/escrime-rioz.fr\/wp-content\/uploads\/2026\/02\/IMG-20260215-WA0003-300x225.jpg 300w, https:\/\/escrime-rioz.fr\/wp-content\/uploads\/2026\/02\/IMG-20260215-WA0003-768x576.jpg 768w, https:\/\/escrime-rioz.fr\/wp-content\/uploads\/2026\/02\/IMG-20260215-WA0003-1536x1152.jpg 1536w, https:\/\/escrime-rioz.fr\/wp-content\/uploads\/2026\/02\/IMG-20260215-WA0003.jpg 1600w\" sizes=\"auto, (max-width: 1024px) 100vw, 1024px\" \/><\/figure>\n<\/div>\n\n\n\n<div class=\"wp-block-column is-layout-flow wp-block-column-is-layout-flow\">\n<figure class=\"wp-block-image size-large\"><img loading=\"lazy\" decoding=\"async\" width=\"1024\" height=\"768\" src=\"https:\/\/escrime-rioz.fr\/wp-content\/uploads\/2026\/02\/IMG-20260215-WA0005-1024x768.jpg\" alt=\"\" class=\"wp-image-904\" srcset=\"https:\/\/escrime-rioz.fr\/wp-content\/uploads\/2026\/02\/IMG-20260215-WA0005-1024x768.jpg 1024w, https:\/\/escrime-rioz.fr\/wp-content\/uploads\/2026\/02\/IMG-20260215-WA0005-300x225.jpg 300w, https:\/\/escrime-rioz.fr\/wp-content\/uploads\/2026\/02\/IMG-20260215-WA0005-768x576.jpg 768w, https:\/\/escrime-rioz.fr\/wp-content\/uploads\/2026\/02\/IMG-20260215-WA0005-1536x1152.jpg 1536w, https:\/\/escrime-rioz.fr\/wp-content\/uploads\/2026\/02\/IMG-20260215-WA0005.jpg 1600w\" sizes=\"auto, (max-width: 1024px) 100vw, 1024px\" \/><\/figure>\n<\/div>\n<\/div>\n","protected":false},"excerpt":{"rendered":"<p>Sol a \u00e9t\u00e9 qualifi\u00e9 pour participer \u00e0 la comp\u00e9tition nationale de Sabre Laser de Cannes, pour y retrouver la fine fleur de la discipline, mais aussi un groupe soud\u00e9 des comp\u00e9titeurs sabre laser de Bourgogne &#8211; Franche-Comt\u00e9. Notre champion n&rsquo;a pas d\u00e9m\u00e9rit\u00e9 puisqu&rsquo;il se classe dans les cinquante premiers fran\u00e7ais soit \u00e0 la 49\u00e8me place.Bravo&hellip;&nbsp;<\/p>\n","protected":false},"author":1,"featured_media":905,"comment_status":"closed","ping_status":"closed","sticky":false,"template":"","format":"standard","meta":{"om_disable_all_campaigns":false,"_monsterinsights_skip_tracking":false,"_monsterinsights_sitenote_active":false,"_monsterinsights_sitenote_note":"","_monsterinsights_sitenote_category":0,"neve_meta_sidebar":"","neve_meta_container":"","neve_meta_enable_content_width":"","neve_meta_content_width":0,"neve_meta_title_alignment":"","neve_meta_author_avatar":"","neve_post_elements_order":"","neve_meta_disable_header":"","neve_meta_disable_footer":"","neve_meta_disable_title":"","footnotes":""},"categories":[35],"tags":[],"class_list":["post-902","post","type-post","status-publish","format-standard","has-post-thumbnail","hentry","category-c25"],"aioseo_notices":[],"_links":{"self":[{"href":"https:\/\/escrime-rioz.fr\/index.php?rest_route=\/wp\/v2\/posts\/902","targetHints":{"allow":["GET"]}}],"collection":[{"href":"https:\/\/escrime-rioz.fr\/index.php?rest_route=\/wp\/v2\/posts"}],"about":[{"href":"https:\/\/escrime-rioz.fr\/index.php?rest_route=\/wp\/v2\/types\/post"}],"author":[{"embeddable":true,"href":"https:\/\/escrime-rioz.fr\/index.php?rest_route=\/wp\/v2\/users\/1"}],"replies":[{"embeddable":true,"href":"https:\/\/escrime-rioz.fr\/index.php?rest_route=%2Fwp%2Fv2%2Fcomments&post=902"}],"version-history":[{"count":1,"href":"https:\/\/escrime-rioz.fr\/index.php?rest_route=\/wp\/v2\/posts\/902\/revisions"}],"predecessor-version":[{"id":906,"href":"https:\/\/escrime-rioz.fr\/index.php?rest_route=\/wp\/v2\/posts\/902\/revisions\/906"}],"wp:featuredmedia":[{"embeddable":true,"href":"https:\/\/escrime-rioz.fr\/index.php?rest_route=\/wp\/v2\/media\/905"}],"wp:attachment":[{"href":"https:\/\/escrime-rioz.fr\/index.php?rest_route=%2Fwp%2Fv2%2Fmedia&parent=902"}],"wp:term":[{"taxonomy":"category","embeddable":true,"href":"https:\/\/escrime-rioz.fr\/index.php?rest_route=%2Fwp%2Fv2%2Fcategories&post=902"},{"taxonomy":"post_tag","embeddable":true,"href":"https:\/\/escrime-rioz.fr\/index.php?rest_route=%2Fwp%2Fv2%2Ftags&post=902"}],"curies":[{"name":"wp","href":"https:\/\/api.w.org\/{rel}","templated":true}]}}